{"id":1391,"date":"2023-02-28T06:44:11","date_gmt":"2023-02-28T05:44:11","guid":{"rendered":"https:\/\/gmeonline.de\/de\/?p=1391"},"modified":"2023-07-05T08:30:59","modified_gmt":"2023-07-05T06:30:59","slug":"galderma-und-gme-beschliessen-neue-kollaboration","status":"publish","type":"post","link":"https:\/\/gmeonline.de\/de\/blog\/2023\/02\/28\/galderma-und-gme-beschliessen-neue-kollaboration\/","title":{"rendered":"Galderma und GME beschlie\u00dfen neue Kollaboration"},"content":{"rendered":"<div  class='flex_column av-1z6efz-eed7209d920d4bf08dc4f9e82b4486fd av_one_full  avia-builder-el-0  avia-builder-el-no-sibling  first flex_column_div  '     ><p>\n<style type=\"text\/css\" data-created_by=\"avia_inline_auto\" id=\"style-css-av-lento885-618eb79c0b31a6e3bc75f1fe8c7e52db\">\n#top .av-special-heading.av-lento885-618eb79c0b31a6e3bc75f1fe8c7e52db{\npadding-bottom:10px;\n}\nbody .av-special-heading.av-lento885-618eb79c0b31a6e3bc75f1fe8c7e52db .av-special-heading-tag .heading-char{\nfont-size:25px;\n}\n.av-special-heading.av-lento885-618eb79c0b31a6e3bc75f1fe8c7e52db .av-subheading{\nfont-size:15px;\n}\n<\/style>\n<div  class='av-special-heading av-lento885-618eb79c0b31a6e3bc75f1fe8c7e52db av-special-heading-h1 blockquote elegant-quote elegant-centered  avia-builder-el-1  el_before_av_textblock  avia-builder-el-first '><h1 class='av-special-heading-tag '  itemprop=\"headline\"  ><span class=\"heading-wrap\">Galderma und GME beschlie\u00dfen neue Kollaboration<\/span><\/h1><div class=\"special-heading-border\"><div class=\"special-heading-inner-border\"><\/div><\/div><\/div><br \/>\n<section  class='av_textblock_section av-lentic3y-8bd79192e29c07747c33888286dccf7e '   itemscope=\"itemscope\" itemtype=\"https:\/\/schema.org\/BlogPosting\" itemprop=\"blogPost\" ><div class='avia_textblock'  itemprop=\"text\" ><p>Das Schweizer Pharmaunternehmen <a href=\"https:\/\/www.galderma.com\/\" target=\"_blank\" rel=\"noopener\">Galderma SA<\/a> und die deutsche MedTech-Firma German Medical Engineering (GME) haben sich auf eine Kollaboration im Fachbereich der photodynamischen Therapie (PDT) geeinigt. Die Kollaboration wird in der Europ\u00e4ischen Union, dem Vereinigten K\u00f6nigreich, der Schweiz und Norwegen anlaufen.<\/p>\n<p>Bei der PDT kommt ein durch Licht aktivierter Wirkstoff (Photosensibilisator) zur Destruktion von Tumorzellen zum Einsatz\u207d\u00b9\u207e. Das Produkt Metvix\u00ae von Galderma ist ein solcher Photosensibilisator. Die PDT-Lampe <a href=\"http:\/\/www.pdt-lampe.de\" target=\"_blank\" rel=\"noopener\">MultiLite\u00ae<\/a> von GME wird zur Aktivierung des Wirkstoffs w\u00e4hrend der Therapie verwendet. Neben der Behandlung aktinischer Keratosen (AK) sind Plattenepithelkarzinome in situ (Morbus Bowen) und Basalzellkarzinome (BCC) die h\u00e4ufigsten Indikationen f\u00fcr PDT in der Dermatologie. Beides sind Arten des nichtmelanozyt\u00e4ren Hautkrebses (NMSC).<\/p>\n<div id=\"attachment_1392\" style=\"width: 783px\" class=\"wp-caption aligncenter\"><img loading=\"lazy\" decoding=\"async\" aria-describedby=\"caption-attachment-1392\" class=\"size-large wp-image-1392\" src=\"https:\/\/gmeonline.de\/de\/wp-content\/uploads\/sites\/2\/2023\/02\/GME-Stefan-Schulze-and-Gerhard-Muhle-773x1030.jpg\" alt=\"\" width=\"773\" height=\"1030\" srcset=\"https:\/\/gmeonline.de\/de\/wp-content\/uploads\/sites\/2\/2023\/02\/GME-Stefan-Schulze-and-Gerhard-Muhle-773x1030.jpg 773w, https:\/\/gmeonline.de\/de\/wp-content\/uploads\/sites\/2\/2023\/02\/GME-Stefan-Schulze-and-Gerhard-Muhle-225x300.jpg 225w, https:\/\/gmeonline.de\/de\/wp-content\/uploads\/sites\/2\/2023\/02\/GME-Stefan-Schulze-and-Gerhard-Muhle-768x1024.jpg 768w, https:\/\/gmeonline.de\/de\/wp-content\/uploads\/sites\/2\/2023\/02\/GME-Stefan-Schulze-and-Gerhard-Muhle-1152x1536.jpg 1152w, https:\/\/gmeonline.de\/de\/wp-content\/uploads\/sites\/2\/2023\/02\/GME-Stefan-Schulze-and-Gerhard-Muhle-1125x1500.jpg 1125w, https:\/\/gmeonline.de\/de\/wp-content\/uploads\/sites\/2\/2023\/02\/GME-Stefan-Schulze-and-Gerhard-Muhle-529x705.jpg 529w, https:\/\/gmeonline.de\/de\/wp-content\/uploads\/sites\/2\/2023\/02\/GME-Stefan-Schulze-and-Gerhard-Muhle.jpg 1200w\" sizes=\"auto, (max-width: 773px) 100vw, 773px\" \/><p id=\"caption-attachment-1392\" class=\"wp-caption-text\">GME-Gesch\u00e4ftsf\u00fchrer Stefan Schulze und Galdermas Gerhard Muhle, Head of Aesthetics and Prescription Global Business Units, auf der IMCAS in Paris.<\/p><\/div>\n<h4>Metvix\u00ae und MultiLite\u00ae<\/h4>\n<p>Die MultiLite\u00ae kann Metvix\u00ae mittels zweier Lichtprotokolle aktivieren:<\/p>\n<ul>\n<li><strong>C-PDT<\/strong> &#8211; konventionelles Protokoll mit rotem Licht zur Behandlung von AK und NMSC<\/li>\n<li><strong>ADL-PDT<\/strong> &#8211; Protokoll mit k\u00fcnstlichem Tageslicht zur gezielten Behandlung von AK<\/li>\n<\/ul>\n<h4>Mehr Komfort f\u00fcr Anwender<\/h4>\n<p>Zus\u00e4tzlich zu den bereits vorhandenen Protokollen erweitert GME die MultiLite\u00ae um ein neues ADL-Behandlungsprotokoll, das abgestimmt auf die Verwendung mit dem Galderma-Produkt Metvix\u00ae entwickelt wurde. Das 120-min\u00fctige Behandlungsprotokoll wird softwareseitig integriert und bietet Anwendern zus\u00e4tzlichen Komfort bei der Benutzung der Lampe.<\/p>\n<h4>Das volle Potenzial der MultiLite\u00ae<\/h4>\n<p>Stefan Schulze, Gesch\u00e4ftsf\u00fchrer von GME, freut sich sehr \u00fcber die Partnerschaft:<\/p>\n<p><em>&#8222;Ich freue mich \u00fcber die Zusammenarbeit mit Galderma, dem Weltmarktf\u00fchrer im Bereich der photodynamischen Therapie. Die MultiLite\u00ae emittiert Licht in drei verschiedenen Farben, die jeweils von speziellen LEDs erzeugt werden. Dieses Konzept erm\u00f6glicht es uns, sowohl C-PDT als auch ADL-PDT mit einem Ger\u00e4t anzubieten und eine kleine Stellfl\u00e4che mit einer gro\u00dfen Behandlungsfl\u00e4che zu kombinieren.&#8220;<\/em><\/p>\n<h4>Konventionelles und k\u00fcnstliches Tageslicht mit einem Ger\u00e4t<\/h4>\n<p>Olivier Jean Baptiste Baldanza, Global Head of Prescription New Products, Non-Melanoma Skin Cancer and Legacy Brands bei Galderma, bemerkt dazu:<\/p>\n<p><em> &#8222;Die MultiLite\u00ae von GME bietet eine sehr wichtige Option f\u00fcr medizinisches Fachpersonal, um Metvix\u00ae sowohl mit C- als auch mit ADL-Protokollen in einem einzigen Ger\u00e4t zu aktivieren. Dar\u00fcber hinaus stellt die integrierte Funktion f\u00fcr ADL eine einfache L\u00f6sung zur Durchf\u00fchrung des gew\u00e4hlten Behandlungsverfahrens dar.&#8220;<\/em><\/p>\n<\/div><\/section><br \/>\n\n<style type=\"text\/css\" data-created_by=\"avia_inline_auto\" id=\"style-css-av-lentkycu-eda48706cc6300627a0685bf9929d52f\">\n#top .hr.hr-invisible.av-lentkycu-eda48706cc6300627a0685bf9929d52f{\nheight:25px;\n}\n<\/style>\n<div  class='hr av-lentkycu-eda48706cc6300627a0685bf9929d52f hr-invisible  avia-builder-el-3  el_after_av_textblock  el_before_av_textblock '><span class='hr-inner '><span class=\"hr-inner-style\"><\/span><\/span><\/div><br \/>\n<section  class='av_textblock_section av-lentm9gi-9cd3f5cfa0da10efe58966ab498060a6 '   itemscope=\"itemscope\" itemtype=\"https:\/\/schema.org\/BlogPosting\" itemprop=\"blogPost\" ><div class='avia_textblock'  itemprop=\"text\" ><h5>Referenzen:<\/h5>\n<p><em>\u00b9 B Dreno. Management of actinic keratosis: a practical report and treatment algorithm from AKTeamTM expert clinicians. JEADV 2014, 28, 1141\u20131149<\/em><\/p>\n<\/div><\/section><\/p><\/div>\n","protected":false},"excerpt":{"rendered":"<p>Das Schweizer Pharmaunternehmen Galderma SA und German Medical Engineering haben sich auf eine Kollaboration im Bereich der photodynamischen Therapie geeinigt.<\/p>\n","protected":false},"author":2,"featured_media":1396,"comment_status":"closed","ping_status":"closed","sticky":false,"template":"","format":"standard","meta":{"inline_featured_image":false,"footnotes":""},"categories":[1,3],"tags":[],"class_list":["post-1391","post","type-post","status-publish","format-standard","has-post-thumbnail","hentry","category-allgemein","category-include"],"_links":{"self":[{"href":"https:\/\/gmeonline.de\/de\/wp-json\/wp\/v2\/posts\/1391","targetHints":{"allow":["GET"]}}],"collection":[{"href":"https:\/\/gmeonline.de\/de\/wp-json\/wp\/v2\/posts"}],"about":[{"href":"https:\/\/gmeonline.de\/de\/wp-json\/wp\/v2\/types\/post"}],"author":[{"embeddable":true,"href":"https:\/\/gmeonline.de\/de\/wp-json\/wp\/v2\/users\/2"}],"replies":[{"embeddable":true,"href":"https:\/\/gmeonline.de\/de\/wp-json\/wp\/v2\/comments?post=1391"}],"version-history":[{"count":10,"href":"https:\/\/gmeonline.de\/de\/wp-json\/wp\/v2\/posts\/1391\/revisions"}],"predecessor-version":[{"id":1659,"href":"https:\/\/gmeonline.de\/de\/wp-json\/wp\/v2\/posts\/1391\/revisions\/1659"}],"wp:featuredmedia":[{"embeddable":true,"href":"https:\/\/gmeonline.de\/de\/wp-json\/wp\/v2\/media\/1396"}],"wp:attachment":[{"href":"https:\/\/gmeonline.de\/de\/wp-json\/wp\/v2\/media?parent=1391"}],"wp:term":[{"taxonomy":"category","embeddable":true,"href":"https:\/\/gmeonline.de\/de\/wp-json\/wp\/v2\/categories?post=1391"},{"taxonomy":"post_tag","embeddable":true,"href":"https:\/\/gmeonline.de\/de\/wp-json\/wp\/v2\/tags?post=1391"}],"curies":[{"name":"wp","href":"https:\/\/api.w.org\/{rel}","templated":true}]}}